{"id":3010,"date":"2024-11-19T17:59:52","date_gmt":"2024-11-19T16:59:52","guid":{"rendered":"https:\/\/www.majuno.fr\/?p=3010"},"modified":"2024-11-20T09:47:54","modified_gmt":"2024-11-20T08:47:54","slug":"marika-michelon","status":"publish","type":"post","link":"https:\/\/www.majuno.fr\/en\/marika-michelon\/","title":{"rendered":"Marika Michelon"},"content":{"rendered":"<div class=\"wp-block-columns is-layout-flex wp-container-core-columns-is-layout-9d6595d7 wp-block-columns-is-layout-flex\">\n<div class=\"wp-block-column is-layout-flow wp-block-column-is-layout-flow\" style=\"flex-basis:60%\">\n<p class=\"justify\">Marika Michelon\u2019s straw marquetery pieces make materials converse. Straw, various metals, pigments or marble powder are gracefully brought together by the skilled hands of the contemporary artist.  Her custom-made creations, whether they are single pieces or small series, are manually crafted in her Saint-Vincent-based workshop, in the Lyon region.<\/p>\n\n\n\n<p>Marika masters graphic research as well as marquetry of a material deemed fragile: straw. By combining it with other materials, she creates plays of light and reflection.<\/p>\n\n\n\n<p class=\"justify\">For Majuno, she devised three trays mixing straw, metal and marble or quartz coating.<\/p>\n<\/div>\n\n\n\n<div class=\"wp-block-column is-layout-flow wp-block-column-is-layout-flow\" style=\"flex-basis:40%\">\n<figure class=\"wp-block-image size-full\"><img alt=\"Trois tableaux d&#039;art abstrait sur un mur blanc.\" decoding=\"async\" width=\"906\" height=\"696\" src=\"https:\/\/www.majuno.fr\/wp-content\/uploads\/2024\/11\/image-1-1.webp\" class=\"wp-image-3109\" style=\"aspect-ratio:2\/3;object-fit:cover\" srcset=\"https:\/\/www.majuno.fr\/wp-content\/uploads\/2024\/11\/image-1-1.webp 906w, https:\/\/www.majuno.fr\/wp-content\/uploads\/2024\/11\/image-1-1-300x230.webp 300w, https:\/\/www.majuno.fr\/wp-content\/uploads\/2024\/11\/image-1-1-768x590.webp 768w, https:\/\/www.majuno.fr\/wp-content\/uploads\/2024\/11\/image-1-1-16x12.webp 16w, https:\/\/www.majuno.fr\/wp-content\/uploads\/2024\/11\/image-1-1-600x461.webp 600w\" sizes=\"(max-width: 906px) 100vw, 906px\" \/><\/figure>\n<\/div>\n<\/div>\n\n\n\n<div class=\"wp-block-columns is-layout-flex wp-container-core-columns-is-layout-9d6595d7 wp-block-columns-is-layout-flex\">\n<div class=\"wp-block-column is-layout-flow wp-block-column-is-layout-flow\" style=\"flex-basis:60%\">\n<figure class=\"wp-block-image size-large\"><img alt=\"Peinture abstraite avec formes g\u00e9om\u00e9triques et couleurs naturelles.\" decoding=\"async\" width=\"1024\" height=\"1024\" src=\"https:\/\/www.majuno.fr\/wp-content\/uploads\/2024\/11\/IMG_5159-2-1024x1024.webp\" class=\"wp-image-3110\" srcset=\"https:\/\/www.majuno.fr\/wp-content\/uploads\/2024\/11\/IMG_5159-2-1024x1024.webp 1024w, https:\/\/www.majuno.fr\/wp-content\/uploads\/2024\/11\/IMG_5159-2-300x300.webp 300w, https:\/\/www.majuno.fr\/wp-content\/uploads\/2024\/11\/IMG_5159-2-150x150.webp 150w, https:\/\/www.majuno.fr\/wp-content\/uploads\/2024\/11\/IMG_5159-2-768x768.webp 768w, https:\/\/www.majuno.fr\/wp-content\/uploads\/2024\/11\/IMG_5159-2-1536x1536.webp 1536w, https:\/\/www.majuno.fr\/wp-content\/uploads\/2024\/11\/IMG_5159-2-12x12.webp 12w, https:\/\/www.majuno.fr\/wp-content\/uploads\/2024\/11\/IMG_5159-2-600x600.webp 600w, https:\/\/www.majuno.fr\/wp-content\/uploads\/2024\/11\/IMG_5159-2-100x100.webp 100w, https:\/\/www.majuno.fr\/wp-content\/uploads\/2024\/11\/IMG_5159-2.webp 1600w\" sizes=\"(max-width: 1024px) 100vw, 1024px\" \/><\/figure>\n<\/div>\n\n\n\n<div class=\"wp-block-column is-layout-flow wp-block-column-is-layout-flow\" style=\"flex-basis:40%\">\n<p><strong>Why did you choose to craft straw marquetry ?<\/strong><\/p>\n\n\n\n<p>After graduating from Penninghen with a degree in graphic arts, I worked as an illustrator and artistic director for various brands. But I always felt like I lacked contact with materials since I exclusively worked on a computer.<\/p>\n\n\n\n<p>Around 2017, I discovered straw marquetery; its craftsmanship was completely forgotten. It was a real esthetic shock. Then, I spent a year learning from the best teacher, in Lison de Caunes\u2019 workshop.&nbsp;&nbsp;<\/p>\n<\/div>\n<\/div>\n\n\n\n<div class=\"wp-block-columns is-layout-flex wp-container-core-columns-is-layout-9d6595d7 wp-block-columns-is-layout-flex\">\n<div class=\"wp-block-column is-layout-flow wp-block-column-is-layout-flow\" style=\"flex-basis:60%\">\n<p><strong><strong><strong><strong><strong><strong><strong><strong>How did you approach Majuno\u2019s project?<\/strong><\/strong><\/strong><\/strong><\/strong><\/strong><\/strong><\/strong><\/p>\n\n\n\n<p>As often the case, graphic research led me to my first ideas: a quest for reflections in straw or metal. I wanted to present various ranges of colors and alloys in order to showcase the extent of what straw marquetry can offer.<\/p>\n<\/div>\n\n\n\n<div class=\"wp-block-column is-layout-flow wp-block-column-is-layout-flow\" style=\"flex-basis:40%\">\n<figure class=\"wp-block-image size-large\"><img alt=\"Tableau g\u00e9om\u00e9trique vert et dor\u00e9 encadr\u00e9 noir.\" decoding=\"async\" width=\"1024\" height=\"1024\" src=\"https:\/\/www.majuno.fr\/wp-content\/uploads\/2024\/11\/IMG_5134-1-1024x1024.webp\" class=\"wp-image-3111\" srcset=\"https:\/\/www.majuno.fr\/wp-content\/uploads\/2024\/11\/IMG_5134-1-1024x1024.webp 1024w, https:\/\/www.majuno.fr\/wp-content\/uploads\/2024\/11\/IMG_5134-1-300x300.webp 300w, https:\/\/www.majuno.fr\/wp-content\/uploads\/2024\/11\/IMG_5134-1-150x150.webp 150w, https:\/\/www.majuno.fr\/wp-content\/uploads\/2024\/11\/IMG_5134-1-768x768.webp 768w, https:\/\/www.majuno.fr\/wp-content\/uploads\/2024\/11\/IMG_5134-1-1536x1536.webp 1536w, https:\/\/www.majuno.fr\/wp-content\/uploads\/2024\/11\/IMG_5134-1-12x12.webp 12w, https:\/\/www.majuno.fr\/wp-content\/uploads\/2024\/11\/IMG_5134-1-600x600.webp 600w, https:\/\/www.majuno.fr\/wp-content\/uploads\/2024\/11\/IMG_5134-1-100x100.webp 100w, https:\/\/www.majuno.fr\/wp-content\/uploads\/2024\/11\/IMG_5134-1.webp 1600w\" sizes=\"(max-width: 1024px) 100vw, 1024px\" \/><\/figure>\n<\/div>\n<\/div>\n\n\n\n<div class=\"wp-block-columns is-layout-flex wp-container-core-columns-is-layout-9d6595d7 wp-block-columns-is-layout-flex\">\n<div class=\"wp-block-column is-layout-flow wp-block-column-is-layout-flow\" style=\"flex-basis:60%\">\n<figure class=\"wp-block-image size-large\"><img alt=\"Tableau abstrait en bois avec motifs blancs.\" decoding=\"async\" width=\"1024\" height=\"1024\" src=\"https:\/\/www.majuno.fr\/wp-content\/uploads\/2024\/11\/IMG_5133-3-1024x1024.webp\" class=\"wp-image-3112\" srcset=\"https:\/\/www.majuno.fr\/wp-content\/uploads\/2024\/11\/IMG_5133-3-1024x1024.webp 1024w, https:\/\/www.majuno.fr\/wp-content\/uploads\/2024\/11\/IMG_5133-3-300x300.webp 300w, https:\/\/www.majuno.fr\/wp-content\/uploads\/2024\/11\/IMG_5133-3-150x150.webp 150w, https:\/\/www.majuno.fr\/wp-content\/uploads\/2024\/11\/IMG_5133-3-768x768.webp 768w, https:\/\/www.majuno.fr\/wp-content\/uploads\/2024\/11\/IMG_5133-3-1536x1536.webp 1536w, https:\/\/www.majuno.fr\/wp-content\/uploads\/2024\/11\/IMG_5133-3-12x12.webp 12w, https:\/\/www.majuno.fr\/wp-content\/uploads\/2024\/11\/IMG_5133-3-600x600.webp 600w, https:\/\/www.majuno.fr\/wp-content\/uploads\/2024\/11\/IMG_5133-3-100x100.webp 100w, https:\/\/www.majuno.fr\/wp-content\/uploads\/2024\/11\/IMG_5133-3.webp 1600w\" sizes=\"(max-width: 1024px) 100vw, 1024px\" \/><\/figure>\n<\/div>\n\n\n\n<div class=\"wp-block-column is-layout-flow wp-block-column-is-layout-flow\" style=\"flex-basis:40%\">\n<p><strong><strong>Restraints, brittleness, crafting time:<\/strong><\/strong><\/p>\n\n\n\n<ul class=\"wp-block-list\">\n<li>The pieces are easy to restore.<\/li>\n\n\n\n<li>There is no height limit.<\/li>\n\n\n\n<li>Varnish can be added to guarantee an optimal conservation.&nbsp;<\/li>\n\n\n\n<li>A piece\u2019s crafting time can go from 6 to 10 weeks.<\/li>\n<\/ul>\n<\/div>\n<\/div>","protected":false},"excerpt":{"rendered":"<p>Les \u0153uvres en marqueterie de paille de Marika Michelon font dialoguer les mati\u00e8res. Paille, m\u00e9taux divers, pigments ou sable de marbre se marient avec \u00e9l\u00e9gance sous les mains expertes de cette artiste contemporaine.&nbsp; Ses cr\u00e9ations sur mesure, uniques ou en petites s\u00e9ries sont fabriqu\u00e9es \u00e0 la main dans son atelier du quartier Saint-Vincent \u00e0 Lyon. [&hellip;]<\/p>","protected":false},"author":1,"featured_media":2595,"comment_status":"open","ping_status":"open","sticky":false,"template":"","format":"standard","meta":{"_acf_changed":false,"_seopress_robots_primary_cat":"none","_seopress_titles_title":"D\u00e9couvrez les Cr\u00e9ations en Marqueterie de Paille de Marika Michelon","_seopress_titles_desc":"D\u00e9couvrez les \u0153uvres uniques de Marika Michelon r\u00e9alis\u00e9es \u00e0 Lyon. Paille, m\u00e9taux, pigments et sable de marbre se confondent dans une marqueterie \u00e9l\u00e9gante et contemporaine.","_seopress_robots_index":"","footnotes":""},"categories":[42],"tags":[],"class_list":["post-3010","post","type-post","status-publish","format-standard","has-post-thumbnail","hentry","category-artisans-d-exception"],"acf":[],"_links":{"self":[{"href":"https:\/\/www.majuno.fr\/en\/wp-json\/wp\/v2\/posts\/3010","targetHints":{"allow":["GET"]}}],"collection":[{"href":"https:\/\/www.majuno.fr\/en\/wp-json\/wp\/v2\/posts"}],"about":[{"href":"https:\/\/www.majuno.fr\/en\/wp-json\/wp\/v2\/types\/post"}],"author":[{"embeddable":true,"href":"https:\/\/www.majuno.fr\/en\/wp-json\/wp\/v2\/users\/1"}],"replies":[{"embeddable":true,"href":"https:\/\/www.majuno.fr\/en\/wp-json\/wp\/v2\/comments?post=3010"}],"version-history":[{"count":2,"href":"https:\/\/www.majuno.fr\/en\/wp-json\/wp\/v2\/posts\/3010\/revisions"}],"predecessor-version":[{"id":3113,"href":"https:\/\/www.majuno.fr\/en\/wp-json\/wp\/v2\/posts\/3010\/revisions\/3113"}],"wp:featuredmedia":[{"embeddable":true,"href":"https:\/\/www.majuno.fr\/en\/wp-json\/wp\/v2\/media\/2595"}],"wp:attachment":[{"href":"https:\/\/www.majuno.fr\/en\/wp-json\/wp\/v2\/media?parent=3010"}],"wp:term":[{"taxonomy":"category","embeddable":true,"href":"https:\/\/www.majuno.fr\/en\/wp-json\/wp\/v2\/categories?post=3010"},{"taxonomy":"post_tag","embeddable":true,"href":"https:\/\/www.majuno.fr\/en\/wp-json\/wp\/v2\/tags?post=3010"}],"curies":[{"name":"wp","href":"https:\/\/api.w.org\/{rel}","templated":true}]}}