{"id":3008,"date":"2024-11-19T17:57:06","date_gmt":"2024-11-19T16:57:06","guid":{"rendered":"https:\/\/www.majuno.fr\/?p=3008"},"modified":"2024-11-20T09:56:53","modified_gmt":"2024-11-20T08:56:53","slug":"marie-anne-thieffry","status":"publish","type":"post","link":"https:\/\/www.majuno.fr\/en\/marie-anne-thieffry\/","title":{"rendered":"Marie-Anne Thieffry"},"content":{"rendered":"<div class=\"wp-block-columns is-layout-flex wp-container-core-columns-is-layout-9d6595d7 wp-block-columns-is-layout-flex\">\n<div class=\"wp-block-column is-layout-flow wp-block-column-is-layout-flow\" style=\"flex-basis:60%\">\n<p class=\"justify\">Tray made of carboard lace \u2013 scrunched and glued cardboard strips.<\/p>\n\n\n\n<p class=\"justify\">Marie-Anne Thieffry is a cardboard sculptor. She masters the art of turning such an ordinary material into poetry. Marie-Anne transforms cardboard into lace.&nbsp;<\/p>\n\n\n\n<p>She uses the cardboard lace or laminated cardboard to craft powerful and airy sculptures, feminine artworks or unique light fixtures.<\/p>\n\n\n\n<p class=\"justify\">For Majuno, Marie-Anne Thieffry devised a circular undulating table tray<\/p>\n<\/div>\n\n\n\n<div class=\"wp-block-column is-layout-flow wp-block-column-is-layout-flow\" style=\"flex-basis:40%\">\n<figure class=\"wp-block-image size-full\"><img alt=\"Artisan travaillant sur une sculpture en fibre naturelle.\" decoding=\"async\" width=\"906\" height=\"890\" src=\"https:\/\/www.majuno.fr\/wp-content\/uploads\/2024\/11\/image-2.webp\" class=\"wp-image-3114\" style=\"aspect-ratio:2\/3;object-fit:cover\" srcset=\"https:\/\/www.majuno.fr\/wp-content\/uploads\/2024\/11\/image-2.webp 906w, https:\/\/www.majuno.fr\/wp-content\/uploads\/2024\/11\/image-2-300x295.webp 300w, https:\/\/www.majuno.fr\/wp-content\/uploads\/2024\/11\/image-2-768x754.webp 768w, https:\/\/www.majuno.fr\/wp-content\/uploads\/2024\/11\/image-2-12x12.webp 12w, https:\/\/www.majuno.fr\/wp-content\/uploads\/2024\/11\/image-2-600x589.webp 600w\" sizes=\"(max-width: 906px) 100vw, 906px\" \/><\/figure>\n<\/div>\n<\/div>\n\n\n\n<div class=\"wp-block-columns is-layout-flex wp-container-core-columns-is-layout-9d6595d7 wp-block-columns-is-layout-flex\">\n<div class=\"wp-block-column is-layout-flow wp-block-column-is-layout-flow\" style=\"flex-basis:60%\">\n<figure class=\"wp-block-image size-large\"><img alt=\"li \u00a9 gregory stein\" decoding=\"async\" width=\"1024\" height=\"683\" src=\"https:\/\/www.majuno.fr\/wp-content\/uploads\/2024\/11\/Li-\u00a9-Gregory-Stein-1024x683.webp\" class=\"wp-image-3116\" srcset=\"https:\/\/www.majuno.fr\/wp-content\/uploads\/2024\/11\/Li-\u00a9-Gregory-Stein-1024x683.webp 1024w, https:\/\/www.majuno.fr\/wp-content\/uploads\/2024\/11\/Li-\u00a9-Gregory-Stein-300x200.webp 300w, https:\/\/www.majuno.fr\/wp-content\/uploads\/2024\/11\/Li-\u00a9-Gregory-Stein-768x512.webp 768w, https:\/\/www.majuno.fr\/wp-content\/uploads\/2024\/11\/Li-\u00a9-Gregory-Stein-1536x1024.webp 1536w, https:\/\/www.majuno.fr\/wp-content\/uploads\/2024\/11\/Li-\u00a9-Gregory-Stein-2048x1365.webp 2048w, https:\/\/www.majuno.fr\/wp-content\/uploads\/2024\/11\/Li-\u00a9-Gregory-Stein-18x12.webp 18w, https:\/\/www.majuno.fr\/wp-content\/uploads\/2024\/11\/Li-\u00a9-Gregory-Stein-600x400.webp 600w\" sizes=\"(max-width: 1024px) 100vw, 1024px\" \/><\/figure>\n<\/div>\n\n\n\n<div class=\"wp-block-column is-layout-flow wp-block-column-is-layout-flow\" style=\"flex-basis:40%\">\n<p><strong><strong>Why did you choose to craft cardboard sculptures?<\/strong><\/strong><\/p>\n\n\n\n<p>After growing up in Normandie, I attended interior design classes and graduated from the Architecture, Interior Design, Communication and Artistic Direction Penninghen school and the National Applied Arts and Artistic Professions Olivier de Serres school.<\/p>\n<\/div>\n<\/div>\n\n\n\n<div class=\"wp-block-columns is-layout-flex wp-container-core-columns-is-layout-9d6595d7 wp-block-columns-is-layout-flex\">\n<div class=\"wp-block-column is-layout-flow wp-block-column-is-layout-flow\" style=\"flex-basis:50%\">\n<p class=\"justify\">I discovered cardboard in 2003, through the work of architects Franck Gehry and Shigeru Ban. I like the idea of a material that goes unnoticed because of its daily use. Moreover, I only work with recycled cardboard, giving my pieces some unevenness. We solely see cardboard as waste when, in reality, it is a humble material that can nonetheless be used to create beautiful artworks.\u00a0<\/p>\n<\/div>\n\n\n\n<div class=\"wp-block-column is-layout-flow wp-block-column-is-layout-flow\" style=\"flex-basis:50%\">\n<figure class=\"wp-block-image size-full\"><img alt=\"yoko \u00a9 gregory stein\" decoding=\"async\" width=\"2400\" height=\"1600\" src=\"https:\/\/www.majuno.fr\/wp-content\/uploads\/2024\/11\/Yoko-\u00a9-Gregory-Stein-1.webp\" class=\"wp-image-3117\" srcset=\"https:\/\/www.majuno.fr\/wp-content\/uploads\/2024\/11\/Yoko-\u00a9-Gregory-Stein-1.webp 2400w, https:\/\/www.majuno.fr\/wp-content\/uploads\/2024\/11\/Yoko-\u00a9-Gregory-Stein-1-300x200.webp 300w, https:\/\/www.majuno.fr\/wp-content\/uploads\/2024\/11\/Yoko-\u00a9-Gregory-Stein-1-1024x683.webp 1024w, https:\/\/www.majuno.fr\/wp-content\/uploads\/2024\/11\/Yoko-\u00a9-Gregory-Stein-1-768x512.webp 768w, https:\/\/www.majuno.fr\/wp-content\/uploads\/2024\/11\/Yoko-\u00a9-Gregory-Stein-1-1536x1024.webp 1536w, https:\/\/www.majuno.fr\/wp-content\/uploads\/2024\/11\/Yoko-\u00a9-Gregory-Stein-1-2048x1365.webp 2048w, https:\/\/www.majuno.fr\/wp-content\/uploads\/2024\/11\/Yoko-\u00a9-Gregory-Stein-1-18x12.webp 18w, https:\/\/www.majuno.fr\/wp-content\/uploads\/2024\/11\/Yoko-\u00a9-Gregory-Stein-1-600x400.webp 600w\" sizes=\"(max-width: 2400px) 100vw, 2400px\" \/><\/figure>\n<\/div>\n<\/div>\n\n\n\n<div class=\"wp-block-columns is-layout-flex wp-container-core-columns-is-layout-9d6595d7 wp-block-columns-is-layout-flex\">\n<div class=\"wp-block-column is-layout-flow wp-block-column-is-layout-flow\" style=\"flex-basis:40%\">\n<figure class=\"wp-block-image size-large\"><img alt=\"suki \u00a9 gregory stein\" decoding=\"async\" width=\"682\" height=\"1024\" src=\"https:\/\/www.majuno.fr\/wp-content\/uploads\/2024\/11\/Suki-\u00a9-Gregory-Stein-1-682x1024.webp\" class=\"wp-image-3118\" srcset=\"https:\/\/www.majuno.fr\/wp-content\/uploads\/2024\/11\/Suki-\u00a9-Gregory-Stein-1-682x1024.webp 682w, https:\/\/www.majuno.fr\/wp-content\/uploads\/2024\/11\/Suki-\u00a9-Gregory-Stein-1-200x300.webp 200w, https:\/\/www.majuno.fr\/wp-content\/uploads\/2024\/11\/Suki-\u00a9-Gregory-Stein-1-768x1153.webp 768w, https:\/\/www.majuno.fr\/wp-content\/uploads\/2024\/11\/Suki-\u00a9-Gregory-Stein-1-1023x1536.webp 1023w, https:\/\/www.majuno.fr\/wp-content\/uploads\/2024\/11\/Suki-\u00a9-Gregory-Stein-1-8x12.webp 8w, https:\/\/www.majuno.fr\/wp-content\/uploads\/2024\/11\/Suki-\u00a9-Gregory-Stein-1-600x901.webp 600w, https:\/\/www.majuno.fr\/wp-content\/uploads\/2024\/11\/Suki-\u00a9-Gregory-Stein-1.webp 1066w\" sizes=\"(max-width: 682px) 100vw, 682px\" \/><\/figure>\n<\/div>\n\n\n\n<div class=\"wp-block-column is-layout-flow wp-block-column-is-layout-flow\" style=\"flex-basis:60%\">\n<p><strong><strong><strong><strong><strong><strong><strong>How did you approach Majuno\u2019s project?<\/strong><\/strong><\/strong><\/strong><\/strong><\/strong><\/strong><\/p>\n\n\n\n<p>I devised this tray in my Heudreville-sur-Eure-based workshop, in the Normandie region, where I settled twenty years ago. I am not used to work on a planar support. Thus, I opted for a gilded wood base, since I thought it would be too bad to hide it, I decided to keep a part of it uncovered. I really like the blend of cardboard and wood. Carboard is made from wood, I had the opportunity to honor its roots.<\/p>\n<\/div>\n<\/div>\n\n\n\n<div class=\"wp-block-columns is-layout-flex wp-container-core-columns-is-layout-9d6595d7 wp-block-columns-is-layout-flex\">\n<div class=\"wp-block-column is-layout-flow wp-block-column-is-layout-flow\" style=\"flex-basis:40%\">\n<p><strong>Constraints:<\/strong><\/p>\n\n\n\n<p>A piece\u2019s crafting time is up to a week because of the lengthy drying period (as well as sanding between the different layers).&nbsp;<\/p>\n\n\n\n<p>The pieces are sensitive to water and humidity, so they must be stored in a dry space or protected with glass.<\/p>\n<\/div>\n\n\n\n<div class=\"wp-block-column is-layout-flow wp-block-column-is-layout-flow\" style=\"flex-basis:60%\">\n<figure class=\"wp-block-image size-large\"><img alt=\"traverse\u0301e \u00a9 gregory stein\" decoding=\"async\" width=\"682\" height=\"1024\" src=\"https:\/\/www.majuno.fr\/wp-content\/uploads\/2024\/11\/Traversee-\u00a9-Gregory-Stein-1-682x1024.webp\" class=\"wp-image-3119\" style=\"aspect-ratio:1;object-fit:cover\" srcset=\"https:\/\/www.majuno.fr\/wp-content\/uploads\/2024\/11\/Traversee-\u00a9-Gregory-Stein-1-682x1024.webp 682w, https:\/\/www.majuno.fr\/wp-content\/uploads\/2024\/11\/Traversee-\u00a9-Gregory-Stein-1-200x300.webp 200w, https:\/\/www.majuno.fr\/wp-content\/uploads\/2024\/11\/Traversee-\u00a9-Gregory-Stein-1-768x1153.webp 768w, https:\/\/www.majuno.fr\/wp-content\/uploads\/2024\/11\/Traversee-\u00a9-Gregory-Stein-1-1023x1536.webp 1023w, https:\/\/www.majuno.fr\/wp-content\/uploads\/2024\/11\/Traversee-\u00a9-Gregory-Stein-1-8x12.webp 8w, https:\/\/www.majuno.fr\/wp-content\/uploads\/2024\/11\/Traversee-\u00a9-Gregory-Stein-1-600x901.webp 600w, https:\/\/www.majuno.fr\/wp-content\/uploads\/2024\/11\/Traversee-\u00a9-Gregory-Stein-1.webp 1066w\" sizes=\"(max-width: 682px) 100vw, 682px\" \/><\/figure>\n<\/div>\n<\/div>\n\n\n\n<figure class=\"wp-block-gallery has-nested-images columns-default is-cropped wp-block-gallery-1 is-layout-flex wp-block-gallery-is-layout-flex\">\n<figure class=\"wp-block-image size-large\"><img alt=\"les gardiens \u00a9 gregory stein\" decoding=\"async\" width=\"682\" height=\"1024\" data-id=\"3129\" src=\"https:\/\/www.majuno.fr\/wp-content\/uploads\/2024\/11\/Les-gardiens-\u00a9-Gregory-Stein-682x1024.webp\" class=\"wp-image-3129\" srcset=\"https:\/\/www.majuno.fr\/wp-content\/uploads\/2024\/11\/Les-gardiens-\u00a9-Gregory-Stein-682x1024.webp 682w, https:\/\/www.majuno.fr\/wp-content\/uploads\/2024\/11\/Les-gardiens-\u00a9-Gregory-Stein-200x300.webp 200w, https:\/\/www.majuno.fr\/wp-content\/uploads\/2024\/11\/Les-gardiens-\u00a9-Gregory-Stein-768x1153.webp 768w, https:\/\/www.majuno.fr\/wp-content\/uploads\/2024\/11\/Les-gardiens-\u00a9-Gregory-Stein-1023x1536.webp 1023w, https:\/\/www.majuno.fr\/wp-content\/uploads\/2024\/11\/Les-gardiens-\u00a9-Gregory-Stein-8x12.webp 8w, https:\/\/www.majuno.fr\/wp-content\/uploads\/2024\/11\/Les-gardiens-\u00a9-Gregory-Stein-600x901.webp 600w, https:\/\/www.majuno.fr\/wp-content\/uploads\/2024\/11\/Les-gardiens-\u00a9-Gregory-Stein.webp 1066w\" sizes=\"(max-width: 682px) 100vw, 682px\" \/><\/figure>\n\n\n\n<figure class=\"wp-block-image size-large\"><img alt=\"rencontre \u00a9 gregory stein\" decoding=\"async\" width=\"682\" height=\"1024\" data-id=\"3121\" src=\"https:\/\/www.majuno.fr\/wp-content\/uploads\/2024\/11\/Rencontre-\u00a9-Gregory-Stein-1-682x1024.webp\" class=\"wp-image-3121\" srcset=\"https:\/\/www.majuno.fr\/wp-content\/uploads\/2024\/11\/Rencontre-\u00a9-Gregory-Stein-1-682x1024.webp 682w, https:\/\/www.majuno.fr\/wp-content\/uploads\/2024\/11\/Rencontre-\u00a9-Gregory-Stein-1-200x300.webp 200w, https:\/\/www.majuno.fr\/wp-content\/uploads\/2024\/11\/Rencontre-\u00a9-Gregory-Stein-1-768x1153.webp 768w, https:\/\/www.majuno.fr\/wp-content\/uploads\/2024\/11\/Rencontre-\u00a9-Gregory-Stein-1-1023x1536.webp 1023w, https:\/\/www.majuno.fr\/wp-content\/uploads\/2024\/11\/Rencontre-\u00a9-Gregory-Stein-1-8x12.webp 8w, https:\/\/www.majuno.fr\/wp-content\/uploads\/2024\/11\/Rencontre-\u00a9-Gregory-Stein-1-600x901.webp 600w, https:\/\/www.majuno.fr\/wp-content\/uploads\/2024\/11\/Rencontre-\u00a9-Gregory-Stein-1.webp 1066w\" sizes=\"(max-width: 682px) 100vw, 682px\" \/><\/figure>\n\n\n\n<figure class=\"wp-block-image size-large\"><img alt=\"sara \u00a9 gregory stein\" decoding=\"async\" width=\"682\" height=\"1024\" data-id=\"3125\" src=\"https:\/\/www.majuno.fr\/wp-content\/uploads\/2024\/11\/Sara-\u00a9-Gregory-Stein-1-682x1024.webp\" class=\"wp-image-3125\" srcset=\"https:\/\/www.majuno.fr\/wp-content\/uploads\/2024\/11\/Sara-\u00a9-Gregory-Stein-1-682x1024.webp 682w, https:\/\/www.majuno.fr\/wp-content\/uploads\/2024\/11\/Sara-\u00a9-Gregory-Stein-1-200x300.webp 200w, https:\/\/www.majuno.fr\/wp-content\/uploads\/2024\/11\/Sara-\u00a9-Gregory-Stein-1-768x1153.webp 768w, https:\/\/www.majuno.fr\/wp-content\/uploads\/2024\/11\/Sara-\u00a9-Gregory-Stein-1-1023x1536.webp 1023w, https:\/\/www.majuno.fr\/wp-content\/uploads\/2024\/11\/Sara-\u00a9-Gregory-Stein-1-8x12.webp 8w, https:\/\/www.majuno.fr\/wp-content\/uploads\/2024\/11\/Sara-\u00a9-Gregory-Stein-1-600x901.webp 600w, https:\/\/www.majuno.fr\/wp-content\/uploads\/2024\/11\/Sara-\u00a9-Gregory-Stein-1.webp 1066w\" sizes=\"(max-width: 682px) 100vw, 682px\" \/><\/figure>\n\n\n\n<figure class=\"wp-block-image size-large\"><img alt=\"terra \u00a9 gregory stein\" decoding=\"async\" width=\"1024\" height=\"683\" data-id=\"3128\" src=\"https:\/\/www.majuno.fr\/wp-content\/uploads\/2024\/11\/Terra-\u00a9-Gregory-Stein-1024x683.webp\" class=\"wp-image-3128\" srcset=\"https:\/\/www.majuno.fr\/wp-content\/uploads\/2024\/11\/Terra-\u00a9-Gregory-Stein-1024x683.webp 1024w, https:\/\/www.majuno.fr\/wp-content\/uploads\/2024\/11\/Terra-\u00a9-Gregory-Stein-300x200.webp 300w, https:\/\/www.majuno.fr\/wp-content\/uploads\/2024\/11\/Terra-\u00a9-Gregory-Stein-768x512.webp 768w, https:\/\/www.majuno.fr\/wp-content\/uploads\/2024\/11\/Terra-\u00a9-Gregory-Stein-1536x1024.webp 1536w, https:\/\/www.majuno.fr\/wp-content\/uploads\/2024\/11\/Terra-\u00a9-Gregory-Stein-2048x1365.webp 2048w, https:\/\/www.majuno.fr\/wp-content\/uploads\/2024\/11\/Terra-\u00a9-Gregory-Stein-18x12.webp 18w, https:\/\/www.majuno.fr\/wp-content\/uploads\/2024\/11\/Terra-\u00a9-Gregory-Stein-600x400.webp 600w\" sizes=\"(max-width: 1024px) 100vw, 1024px\" \/><\/figure>\n<\/figure>","protected":false},"excerpt":{"rendered":"<p>Plateau en dentelle de carton \u2013 Lamelles de carton froiss\u00e9es et coll\u00e9es. Marie-Anne Thieffry est sculpteur de carton. Elle ma\u00eetrise l\u2019art de po\u00e9tiser cette mati\u00e8re apparemment si courante. Avec Marie-Anne, le carton devient dentelle.&nbsp; C\u2019est en partant de cette dentelle de carton ou en le contre collant qu\u2019elle cr\u00e9e des sculptures puissantes et a\u00e9riennes, \u0153uvres [&hellip;]<\/p>","protected":false},"author":1,"featured_media":3128,"comment_status":"open","ping_status":"open","sticky":false,"template":"","format":"standard","meta":{"_acf_changed":false,"_seopress_robots_primary_cat":"none","_seopress_titles_title":"Marie-Anne Thieffry: Sculpture de Carton Po\u00e9tique et Unique","_seopress_titles_desc":"D\u00e9couvrez les cr\u00e9ations en carton majestueuses de l&#039;artiste Marie-Anne Thieffry. De la dentelle de carton aux sculptures a\u00e9riennes, une mati\u00e8re quotidienne transform\u00e9e en \u0153uvre d&#039;art.","_seopress_robots_index":"","footnotes":""},"categories":[42],"tags":[],"class_list":["post-3008","post","type-post","status-publish","format-standard","has-post-thumbnail","hentry","category-artisans-d-exception"],"acf":[],"_links":{"self":[{"href":"https:\/\/www.majuno.fr\/en\/wp-json\/wp\/v2\/posts\/3008","targetHints":{"allow":["GET"]}}],"collection":[{"href":"https:\/\/www.majuno.fr\/en\/wp-json\/wp\/v2\/posts"}],"about":[{"href":"https:\/\/www.majuno.fr\/en\/wp-json\/wp\/v2\/types\/post"}],"author":[{"embeddable":true,"href":"https:\/\/www.majuno.fr\/en\/wp-json\/wp\/v2\/users\/1"}],"replies":[{"embeddable":true,"href":"https:\/\/www.majuno.fr\/en\/wp-json\/wp\/v2\/comments?post=3008"}],"version-history":[{"count":2,"href":"https:\/\/www.majuno.fr\/en\/wp-json\/wp\/v2\/posts\/3008\/revisions"}],"predecessor-version":[{"id":3130,"href":"https:\/\/www.majuno.fr\/en\/wp-json\/wp\/v2\/posts\/3008\/revisions\/3130"}],"wp:featuredmedia":[{"embeddable":true,"href":"https:\/\/www.majuno.fr\/en\/wp-json\/wp\/v2\/media\/3128"}],"wp:attachment":[{"href":"https:\/\/www.majuno.fr\/en\/wp-json\/wp\/v2\/media?parent=3008"}],"wp:term":[{"taxonomy":"category","embeddable":true,"href":"https:\/\/www.majuno.fr\/en\/wp-json\/wp\/v2\/categories?post=3008"},{"taxonomy":"post_tag","embeddable":true,"href":"https:\/\/www.majuno.fr\/en\/wp-json\/wp\/v2\/tags?post=3008"}],"curies":[{"name":"wp","href":"https:\/\/api.w.org\/{rel}","templated":true}]}}